{"id":1076,"date":"2014-10-23T20:26:54","date_gmt":"2014-10-23T18:26:54","guid":{"rendered":"http:\/\/www.museum-nohfelden.de\/?p=1076"},"modified":"2015-05-24T22:06:36","modified_gmt":"2015-05-24T20:06:36","slug":"ausstellungsverlaengerung-von-mini-midi-maxi","status":"publish","type":"post","link":"http:\/\/www.museum-nohfelden.de\/?p=1076","title":{"rendered":"Ausstellungsverl\u00e4ngerung von &#8220;Mini &#8211; Midi &#8211; Maxi&#8221;"},"content":{"rendered":"<p class=\"size-medium wp-image-1078\">Die Sonderausstellung \u201eMini \u2013 Midi \u2013 Maxi, erlaubt ist was gef\u00e4llt, wird bis Sonntag,<strong> 29. M\u00e4rz 2015<\/strong>, verl\u00e4ngert.<\/p>\n<p class=\"size-medium wp-image-1078\">Die Ausstellung wird wegen noch anstehender Gruppenbesuche verl\u00e4ngert, weil die Besucher extra nachfragen, ob es die 70er Jahre Ausstellung noch gibt.<br \/>\nDie Besucher denken bei diesem Thema an ihre Jugendzeit. An die wilden 70er im Musik- und Kleidungsstil und an die politischen Gegebenheiten, denn Mode ist nicht ohne politischen Hintergrund zu verstehen.<br \/>\nVor allem weibliche Besucherinnen erinnern sich an die Mode der kurzen und immer k\u00fcrzeren R\u00f6cke, Hotpants, Schlaghosen und Plateausohlen. Man h\u00f6rt oft den Ausspruch: Das haben wir auch getragen, wir haben unsere Jeans im Bett angezogen, damit der Rei\u00dfverschluss sich schlie\u00dfen lie\u00df, denn diese musste oben \u201eknatscheng\u201c und unten sehr weit sein, sonst war man nicht \u201ein\u201c. Auch bei anderen Ausstellungsst\u00fccken erkl\u00e4ren die Besucher, das hatten wir auch in unserem Kleiderschrank, leider haben wir es entsorgt, es passt ja heute sowieso nicht mehr.<br \/>\nAuch bei den Frisuren gibt es spa\u00dfige Geschichten, denn wenn man in den 70ern ein Paar von hinten sah, konnte man oft nicht erkennen, wer das M\u00e4dchen und wer der Junge war.<br \/>\nMan trug die gleichen langen Haare und auch die Schlagjeans.<br \/>\nBei der M\u00e4nnermode wurden bunte Hemden und noch buntere Krawatten getragen, auch deren Hosen waren sehr eng, so dass kein Geldbeutel mehr in die Hosentasche passte. F\u00fcr einige M\u00e4nner war die Schuhmode vorteilhaft, denn auch sie trugen Plateausohlen.<br \/>\nMan kann unser Museum als \u201eErinnerungsmuseum\u201c bezeichnen, da man oft den Ausspruch \u201eweischt du noch\u201c h\u00f6rt.<br \/>\nBei einer F\u00fchrung\u00a0 werden die weiteren Exponate zur Ausstellung \u201eMini \u2013 Midi \u2013 Maxi\u201c erkl\u00e4rt. Ebenfalls gibt es eine Begleitbrosch\u00fcre, die man im Museum erwerben kann. Also wer noch Lust auf einen Besuch dieser Ausstellung hat, kann sich bis 29. M\u00e4rz 2015 von den Museumsmitarbeitern f\u00fchren lassen.<\/p>\n<div id=\"attachment_1079\" style=\"width: 176px\" class=\"wp-caption aligncenter\"><a href=\"http:\/\/www.museum-nohfelden.de\/wp-content\/uploads\/2014\/10\/Bild1_Chantal.jpg\"><img aria-describedby=\"caption-attachment-1079\" decoding=\"async\" loading=\"lazy\" class=\"wp-image-1079 size-medium\" src=\"http:\/\/www.museum-nohfelden.de\/wp-content\/uploads\/2014\/10\/Bild1_Chantal-166x300.jpg\" alt=\"Chantal Sch\u00fcssler zeigt die damalige Damenmode: Schlaghose und weites Oberteil     Chantal Sch\u00fcssler zeigt die damalige Damenmode: Schlaghose und weites Oberteil\" width=\"166\" height=\"300\" srcset=\"http:\/\/www.museum-nohfelden.de\/wp-content\/uploads\/2014\/10\/Bild1_Chantal-166x300.jpg 166w, http:\/\/www.museum-nohfelden.de\/wp-content\/uploads\/2014\/10\/Bild1_Chantal.jpg 453w\" sizes=\"(max-width: 166px) 100vw, 166px\" \/><\/a><p id=\"caption-attachment-1079\" class=\"wp-caption-text\">Chantal Sch\u00fcssler zeigt die damalige Damenmode: Schlaghose und weites Oberteil<\/p><\/div>\n","protected":false},"excerpt":{"rendered":"<p>Die Sonderausstellung \u201eMini \u2013 Midi \u2013 Maxi, erlaubt ist was gef\u00e4llt, wird bis Sonntag, 29. M\u00e4rz 2015, verl\u00e4ngert. Die Ausstellung wird wegen noch anstehender Gruppenbesuche verl\u00e4ngert, weil die Besucher extra nachfragen, ob es die 70er Jahre Ausstellung noch gibt. Die Besucher denken bei diesem Thema an ihre Jugendzeit. An die wilden 70er im Musik- und [&hellip;]<\/p>\n","protected":false},"author":3,"featured_media":0,"comment_status":"closed","ping_status":"closed","sticky":false,"template":"","format":"standard","meta":[],"categories":[1],"tags":[16],"_links":{"self":[{"href":"http:\/\/www.museum-nohfelden.de\/index.php?rest_route=\/wp\/v2\/posts\/1076"}],"collection":[{"href":"http:\/\/www.museum-nohfelden.de\/index.php?rest_route=\/wp\/v2\/posts"}],"about":[{"href":"http:\/\/www.museum-nohfelden.de\/index.php?rest_route=\/wp\/v2\/types\/post"}],"author":[{"embeddable":true,"href":"http:\/\/www.museum-nohfelden.de\/index.php?rest_route=\/wp\/v2\/users\/3"}],"replies":[{"embeddable":true,"href":"http:\/\/www.museum-nohfelden.de\/index.php?rest_route=%2Fwp%2Fv2%2Fcomments&post=1076"}],"version-history":[{"count":12,"href":"http:\/\/www.museum-nohfelden.de\/index.php?rest_route=\/wp\/v2\/posts\/1076\/revisions"}],"predecessor-version":[{"id":1091,"href":"http:\/\/www.museum-nohfelden.de\/index.php?rest_route=\/wp\/v2\/posts\/1076\/revisions\/1091"}],"wp:attachment":[{"href":"http:\/\/www.museum-nohfelden.de\/index.php?rest_route=%2Fwp%2Fv2%2Fmedia&parent=1076"}],"wp:term":[{"taxonomy":"category","embeddable":true,"href":"http:\/\/www.museum-nohfelden.de\/index.php?rest_route=%2Fwp%2Fv2%2Fcategories&post=1076"},{"taxonomy":"post_tag","embeddable":true,"href":"http:\/\/www.museum-nohfelden.de\/index.php?rest_route=%2Fwp%2Fv2%2Ftags&post=1076"}],"curies":[{"name":"wp","href":"https:\/\/api.w.org\/{rel}","templated":true}]}}